{"id":9616,"date":"2023-12-18T09:41:45","date_gmt":"2023-12-18T08:41:45","guid":{"rendered":"https:\/\/www.designcities.net\/?post_type=tribe_events&#038;p=9616"},"modified":"2023-12-18T09:58:12","modified_gmt":"2023-12-18T08:58:12","slug":"save-the-date-mutations-where-is-design-heading","status":"publish","type":"post","link":"https:\/\/designcities.net\/?p=9616","title":{"rendered":"MUTATIONS: Where is design heading?"},"content":{"rendered":"<p><span style=\\\"font-weight: 400;\\\">To mark its 50th anniversary, the \u00c9cole de design of the Universit\u00e9 du Qu\u00e9bec \u00e0 Montr\u00e9al (UQAM) is issuing a call for papers for the colloquium <\/span><b>MUTATIONS : <\/b><b><i>O\u00f9 va le design ?<\/i><\/b><b> (<\/b><b><i>MUTATIONS: Where is Design Heading?)<\/i><\/b><i><span style=\\\"font-weight: 400;\\\">,<\/span><\/i><span style=\\\"font-weight: 400;\\\"> to be held in Montreal from September 18 to 20, 2024. The aim of this event is to explore how design<\/span><span style=\\\"font-weight: 400;\\\"> is responding to present day <\/span><span style=\\\"font-weight: 400;\\\">environmental, social, and technological mutations, which innovative practices are being adopted, and what issues are at stake.\u00a0<\/span><\/p>\n<p>&nbsp;<\/p>\n<blockquote><p><span style=\\\"font-weight: 400;\\\">As socially and morally responsible designers, we must respond to the needs of a world that is up against the wall. The clock of humanity is always striking thirteen.<\/span><\/p>\n<p><span style=\\\"font-weight: 400;\\\">Victor Papanek,\u00a0<\/span><i><span style=\\\"font-weight: 400;\\\">Design for the Real World, 1971<\/span><\/i><span style=\\\"font-weight: 400;\\\">\u00a0<\/span><\/p><\/blockquote>\n<p><span style=\\\"font-weight: 400;\\\">In his manifesto <\/span><i><span style=\\\"font-weight: 400;\\\">Design for a Real World<\/span><\/i><span style=\\\"font-weight: 400;\\\"> published some fifty years ago <\/span><b>\u2014<\/b><span style=\\\"font-weight: 400;\\\"> just as the \u00c9cole de design of UQAM was opening its doors <\/span><b>\u2014<\/b><span style=\\\"font-weight: 400;\\\"> Victor Papanek was already stressing\u00a0 the importance of integrating social and environmental concerns into the design process. Since then, as design evolved beyond its traditional role of primarily producing physical objects, it has emerged as a powerful force that influences our social interactions, cultural and economic systems, as well as our environment.<\/span> <span style=\\\"font-weight: 400;\\\">But our times, faced with monumental challenges <\/span><b>\u2014<\/b><span style=\\\"font-weight: 400;\\\"> escalating disparities, erosion of social cohesion, cultural polarization,\u00a0 ongoing crisis of displaced populations, intensifying climate emergency<\/span> <b>\u2014<\/b><span style=\\\"font-weight: 400;\\\"> are once again prompting us to question the role of design, at a time when the technological acceleration affecting all spheres of human activity is raising the very question of the discipline\u2019s future. The colloquium <\/span><b>MUTATIONS : <\/b><b><i>O\u00f9 va le design ?<\/i><\/b> <span style=\\\"font-weight: 400;\\\">offers an opportunity for collective reflection on these issues, to help shape a more stable and equitable future.<\/span><\/p>\n<hr \/>\n<p>C O N T A C T<\/p>\n<p><span style=\\\"text-decoration: underline;\\\"><strong><a href=\\\"mailto:alessandra.amandine@uqam.ca\\\" target=\\\"_blank\\\" rel=\\\"noopener\\\">alessandra.amandine@uqam.ca<\/a><\/strong><\/span><\/p>\n<p><a href=\\\"mailto:legault.rejean@uqam.ca\\\" target=\\\"_blank\\\" rel=\\\"noopener\\\"><span style=\\\"text-decoration: underline;\\\"><strong>legault.rejean@uqam.ca<\/strong><\/span><\/a><\/p>\n<p>&nbsp;<\/p>\n<p>F U R T H E R \u00a0 I N F O R M A T I O N<\/p>\n<p><span style=\\\"text-decoration: underline;\\\"><strong><a href=\\\"https:\/\/design.uqam.ca\/nouvelles\/mutations-ou-va-le-design-3\/\\\" target=\\\"_blank\\\" rel=\\\"noopener\\\">click her<\/a><\/strong><\/span><\/p>\n","protected":false},"excerpt":{"rendered":"<p>To mark its 50th anniversary, the \u00c9cole de design of the Universit\u00e9 du Qu\u00e9bec \u00e0 Montr\u00e9al (UQAM) is issuing a call for papers for the\u2026<\/p>\n","protected":false},"author":12,"featured_media":9614,"comment_status":"closed","ping_status":"closed","sticky":true,"template":"","format":"standard","meta":{"_acf_changed":false,"footnotes":""},"categories":[],"tags":[],"class_list":["post-9616","post","type-post","status-publish","format-standard","has-post-thumbnail","hentry"],"acf":[],"yoast_head":"<!-- This site is optimized with the Yoast SEO plugin v23.9 - https:\/\/yoast.com\/wordpress\/plugins\/seo\/ -->\n<title>MUTATIONS: Where is design heading? -<\/title>\n<meta name=\"robots\" content=\"index, follow, max-snippet:-1, max-image-preview:large, max-video-preview:-1\" \/>\n<link rel=\"canonical\" href=\"https:\/\/designcities.net\/?p=9616\" \/>\n<meta property=\"og:locale\" content=\"en_US\" \/>\n<meta property=\"og:type\" content=\"article\" \/>\n<meta property=\"og:title\" content=\"MUTATIONS: Where is design heading? -\" \/>\n<meta property=\"og:description\" content=\"To mark its 50th anniversary, the \u00c9cole de design of the Universit\u00e9 du Qu\u00e9bec \u00e0 Montr\u00e9al (UQAM) is issuing a call for papers for the\u2026\" \/>\n<meta property=\"og:url\" content=\"https:\/\/designcities.net\/?p=9616\" \/>\n<meta property=\"article:published_time\" content=\"2023-12-18T08:41:45+00:00\" \/>\n<meta property=\"article:modified_time\" content=\"2023-12-18T08:58:12+00:00\" \/>\n<meta name=\"author\" content=\"Montreal\" \/>\n<meta name=\"twitter:label1\" content=\"Written by\" \/>\n\t<meta name=\"twitter:data1\" content=\"Montreal\" \/>\n\t<meta name=\"twitter:label2\" content=\"Est. reading time\" \/>\n\t<meta name=\"twitter:data2\" content=\"2 minutes\" \/>\n<script type=\"application\/ld+json\" class=\"yoast-schema-graph\">{\"@context\":\"https:\/\/schema.org\",\"@graph\":[{\"@type\":\"WebPage\",\"@id\":\"https:\/\/designcities.net\/?p=9616\",\"url\":\"https:\/\/designcities.net\/?p=9616\",\"name\":\"MUTATIONS: Where is design heading? -\",\"isPartOf\":{\"@id\":\"https:\/\/designcities.net\/#website\"},\"primaryImageOfPage\":{\"@id\":\"https:\/\/designcities.net\/?p=9616#primaryimage\"},\"image\":{\"@id\":\"https:\/\/designcities.net\/?p=9616#primaryimage\"},\"thumbnailUrl\":\"\",\"datePublished\":\"2023-12-18T08:41:45+00:00\",\"dateModified\":\"2023-12-18T08:58:12+00:00\",\"author\":{\"@id\":\"https:\/\/designcities.net\/#\/schema\/person\/07618be034a5da0db1f888e301f36f13\"},\"breadcrumb\":{\"@id\":\"https:\/\/designcities.net\/?p=9616#breadcrumb\"},\"inLanguage\":\"en-US\",\"potentialAction\":[{\"@type\":\"ReadAction\",\"target\":[\"https:\/\/designcities.net\/?p=9616\"]}]},{\"@type\":\"ImageObject\",\"inLanguage\":\"en-US\",\"@id\":\"https:\/\/designcities.net\/?p=9616#primaryimage\",\"url\":\"\",\"contentUrl\":\"\",\"width\":1181,\"height\":1181},{\"@type\":\"BreadcrumbList\",\"@id\":\"https:\/\/designcities.net\/?p=9616#breadcrumb\",\"itemListElement\":[{\"@type\":\"ListItem\",\"position\":1,\"name\":\"Home\",\"item\":\"https:\/\/designcities.net\/\"},{\"@type\":\"ListItem\",\"position\":2,\"name\":\"MUTATIONS: Where is design heading?\"}]},{\"@type\":\"WebSite\",\"@id\":\"https:\/\/designcities.net\/#website\",\"url\":\"https:\/\/designcities.net\/\",\"name\":\"\",\"description\":\"\",\"potentialAction\":[{\"@type\":\"SearchAction\",\"target\":{\"@type\":\"EntryPoint\",\"urlTemplate\":\"https:\/\/designcities.net\/?s={search_term_string}\"},\"query-input\":{\"@type\":\"PropertyValueSpecification\",\"valueRequired\":true,\"valueName\":\"search_term_string\"}}],\"inLanguage\":\"en-US\"},{\"@type\":\"Person\",\"@id\":\"https:\/\/designcities.net\/#\/schema\/person\/07618be034a5da0db1f888e301f36f13\",\"name\":\"Montreal\",\"url\":\"https:\/\/designcities.net\/?author=12\"}]}<\/script>\n<!-- \/ Yoast SEO plugin. -->","yoast_head_json":{"title":"MUTATIONS: Where is design heading? -","robots":{"index":"index","follow":"follow","max-snippet":"max-snippet:-1","max-image-preview":"max-image-preview:large","max-video-preview":"max-video-preview:-1"},"canonical":"https:\/\/designcities.net\/?p=9616","og_locale":"en_US","og_type":"article","og_title":"MUTATIONS: Where is design heading? -","og_description":"To mark its 50th anniversary, the \u00c9cole de design of the Universit\u00e9 du Qu\u00e9bec \u00e0 Montr\u00e9al (UQAM) is issuing a call for papers for the\u2026","og_url":"https:\/\/designcities.net\/?p=9616","article_published_time":"2023-12-18T08:41:45+00:00","article_modified_time":"2023-12-18T08:58:12+00:00","author":"Montreal","twitter_misc":{"Written by":"Montreal","Est. reading time":"2 minutes"},"schema":{"@context":"https:\/\/schema.org","@graph":[{"@type":"WebPage","@id":"https:\/\/designcities.net\/?p=9616","url":"https:\/\/designcities.net\/?p=9616","name":"MUTATIONS: Where is design heading? -","isPartOf":{"@id":"https:\/\/designcities.net\/#website"},"primaryImageOfPage":{"@id":"https:\/\/designcities.net\/?p=9616#primaryimage"},"image":{"@id":"https:\/\/designcities.net\/?p=9616#primaryimage"},"thumbnailUrl":"","datePublished":"2023-12-18T08:41:45+00:00","dateModified":"2023-12-18T08:58:12+00:00","author":{"@id":"https:\/\/designcities.net\/#\/schema\/person\/07618be034a5da0db1f888e301f36f13"},"breadcrumb":{"@id":"https:\/\/designcities.net\/?p=9616#breadcrumb"},"inLanguage":"en-US","potentialAction":[{"@type":"ReadAction","target":["https:\/\/designcities.net\/?p=9616"]}]},{"@type":"ImageObject","inLanguage":"en-US","@id":"https:\/\/designcities.net\/?p=9616#primaryimage","url":"","contentUrl":"","width":1181,"height":1181},{"@type":"BreadcrumbList","@id":"https:\/\/designcities.net\/?p=9616#breadcrumb","itemListElement":[{"@type":"ListItem","position":1,"name":"Home","item":"https:\/\/designcities.net\/"},{"@type":"ListItem","position":2,"name":"MUTATIONS: Where is design heading?"}]},{"@type":"WebSite","@id":"https:\/\/designcities.net\/#website","url":"https:\/\/designcities.net\/","name":"","description":"","potentialAction":[{"@type":"SearchAction","target":{"@type":"EntryPoint","urlTemplate":"https:\/\/designcities.net\/?s={search_term_string}"},"query-input":{"@type":"PropertyValueSpecification","valueRequired":true,"valueName":"search_term_string"}}],"inLanguage":"en-US"},{"@type":"Person","@id":"https:\/\/designcities.net\/#\/schema\/person\/07618be034a5da0db1f888e301f36f13","name":"Montreal","url":"https:\/\/designcities.net\/?author=12"}]}},"_links":{"self":[{"href":"https:\/\/designcities.net\/index.php?rest_route=\/wp\/v2\/posts\/9616","targetHints":{"allow":["GET"]}}],"collection":[{"href":"https:\/\/designcities.net\/index.php?rest_route=\/wp\/v2\/posts"}],"about":[{"href":"https:\/\/designcities.net\/index.php?rest_route=\/wp\/v2\/types\/post"}],"author":[{"embeddable":true,"href":"https:\/\/designcities.net\/index.php?rest_route=\/wp\/v2\/users\/12"}],"replies":[{"embeddable":true,"href":"https:\/\/designcities.net\/index.php?rest_route=%2Fwp%2Fv2%2Fcomments&post=9616"}],"version-history":[{"count":0,"href":"https:\/\/designcities.net\/index.php?rest_route=\/wp\/v2\/posts\/9616\/revisions"}],"wp:featuredmedia":[{"embeddable":true,"href":"https:\/\/designcities.net\/index.php?rest_route=\/wp\/v2\/posts\/9614"}],"wp:attachment":[{"href":"https:\/\/designcities.net\/index.php?rest_route=%2Fwp%2Fv2%2Fmedia&parent=9616"}],"wp:term":[{"taxonomy":"category","embeddable":true,"href":"https:\/\/designcities.net\/index.php?rest_route=%2Fwp%2Fv2%2Fcategories&post=9616"},{"taxonomy":"post_tag","embeddable":true,"href":"https:\/\/designcities.net\/index.php?rest_route=%2Fwp%2Fv2%2Ftags&post=9616"}],"curies":[{"name":"wp","href":"https:\/\/api.w.org\/{rel}","templated":true}]}}